{"id":1172,"date":"2016-11-24T16:29:13","date_gmt":"2016-11-24T19:29:13","guid":{"rendered":"https:\/\/www.lojasnoparaguai.com.br\/blog\/?p=1172"},"modified":"2016-11-24T16:29:13","modified_gmt":"2016-11-24T19:29:13","slug":"black-friday-2016-em-ciudad-del-este","status":"publish","type":"post","link":"https:\/\/www.lojasparaguai.com.br\/blog\/black-friday-2016-em-ciudad-del-este\/","title":{"rendered":"Black Friday 2016 em Ciudad del Este"},"content":{"rendered":"<p>Como vem ocorrendo nos \u00faltimos anos, novembro tem se tornado o m\u00eas mais aguardado para os compristas de Ciudad del Este por conta da promo\u00e7\u00e3o Black Friday. Neste ano ela esta marcada para o dia 25 de novembro (sexta), mas algumas lojas v\u00e3o prolongar para o dia 26 (s\u00e1bado) e at\u00e9 para o dia 27 (domingo).<!--more--><\/p>\n<p style=\"text-align: justify;background: white;margin: 0cm 0cm 7.5pt 0cm\">O termo Black Friday foi criado por varejistas norte-americanos para marcar o in\u00edcio do per\u00edodo de maior quantidade de vendas no ano, que vai do Dia de A\u00e7\u00e3o de Gra\u00e7as (4\u00b0quinta-feira do m\u00eas de novembro) at\u00e9 o Natal. Durante a promo\u00e7\u00e3o as lojas promovem liquida\u00e7\u00f5es de seus produtos que em alguns caso podem chegar at\u00e9 70% de desconto.<\/p>\n<p style=\"text-align: justify;background: white;margin: 0cm 0cm 7.5pt 0cm\">Elaboramos uma lista com algumas das lojas que estar\u00e3o participando da Black Friday 2016 em Ciudad del Este:<\/p>\n<p style=\"text-align: left\"><a href=\"https:\/\/www.lojasnoparaguai.com.br\/lojas-no-paraguai\/centro-pioneer\" target=\"_blank\"><em>Centro Pioneer:<\/em><\/a>\u00a0Dias 25 e 26 de novembro das 7h \u00e0s 16h do hor\u00e1rio oficial brasileiro (6h \u00e0s 15h no hor\u00e1rio paraguaio), descontos de at\u00e9 50%!<\/p>\n<p><a href=\"https:\/\/www.lojasnoparaguai.com.br\/blog\/wp-content\/uploads\/2016\/11\/15135850_1358469167529107_1595752443543514942_n.jpg\"><img loading=\"lazy\" decoding=\"async\" class=\"aligncenter wp-image-1185\" src=\"https:\/\/www.lojasnoparaguai.com.br\/blog\/wp-content\/uploads\/2016\/11\/15135850_1358469167529107_1595752443543514942_n.jpg\" alt=\"15135850_1358469167529107_1595752443543514942_n\" width=\"600\" height=\"228\" srcset=\"https:\/\/www.lojasparaguai.com.br\/blog\/wp-content\/uploads\/2016\/11\/15135850_1358469167529107_1595752443543514942_n.jpg 960w, https:\/\/www.lojasparaguai.com.br\/blog\/wp-content\/uploads\/2016\/11\/15135850_1358469167529107_1595752443543514942_n-300x114.jpg 300w, https:\/\/www.lojasparaguai.com.br\/blog\/wp-content\/uploads\/2016\/11\/15135850_1358469167529107_1595752443543514942_n-768x292.jpg 768w, https:\/\/www.lojasparaguai.com.br\/blog\/wp-content\/uploads\/2016\/11\/15135850_1358469167529107_1595752443543514942_n-65x25.jpg 65w, https:\/\/www.lojasparaguai.com.br\/blog\/wp-content\/uploads\/2016\/11\/15135850_1358469167529107_1595752443543514942_n-75x29.jpg 75w\" sizes=\"auto, (max-width: 600px) 100vw, 600px\" \/><\/a><\/p>\n<p>&nbsp;<\/p>\n<p><a href=\"https:\/\/www.lojasnoparaguai.com.br\/lojas-no-paraguai\/cell-shop\" target=\"_blank\"><em>Cell Shop:<\/em><\/a>\u00a0Nos dias 25, 26 \u00e9 27 de novembro, at\u00e9 70% de desconto.<\/p>\n<p><a href=\"https:\/\/www.lojasnoparaguai.com.br\/blog\/wp-content\/uploads\/2016\/11\/14925407_1195641537186159_3215708682353525051_n.jpg\"><img loading=\"lazy\" decoding=\"async\" class=\"aligncenter wp-image-1175\" src=\"https:\/\/www.lojasnoparaguai.com.br\/blog\/wp-content\/uploads\/2016\/11\/14925407_1195641537186159_3215708682353525051_n.jpg\" alt=\"14925407_1195641537186159_3215708682353525051_n\" width=\"610\" height=\"228\" srcset=\"https:\/\/www.lojasparaguai.com.br\/blog\/wp-content\/uploads\/2016\/11\/14925407_1195641537186159_3215708682353525051_n.jpg 960w, https:\/\/www.lojasparaguai.com.br\/blog\/wp-content\/uploads\/2016\/11\/14925407_1195641537186159_3215708682353525051_n-300x112.jpg 300w, https:\/\/www.lojasparaguai.com.br\/blog\/wp-content\/uploads\/2016\/11\/14925407_1195641537186159_3215708682353525051_n-768x287.jpg 768w, https:\/\/www.lojasparaguai.com.br\/blog\/wp-content\/uploads\/2016\/11\/14925407_1195641537186159_3215708682353525051_n-65x24.jpg 65w, https:\/\/www.lojasparaguai.com.br\/blog\/wp-content\/uploads\/2016\/11\/14925407_1195641537186159_3215708682353525051_n-75x28.jpg 75w\" sizes=\"auto, (max-width: 610px) 100vw, 610px\" \/><\/a><\/p>\n<p>&nbsp;<\/p>\n<p><a href=\"https:\/\/www.lojasnoparaguai.com.br\/lojas-no-paraguai\/compubras-computers\" target=\"_blank\"><em>Compubras:<\/em><\/a> Nos dias 25 e 26 de novembro, at\u00e9 70 de desconto.<\/p>\n<p><a href=\"https:\/\/www.lojasnoparaguai.com.br\/blog\/wp-content\/uploads\/2016\/11\/14563516_1352950374717946_9035807587826913443_n.jpg\"><img loading=\"lazy\" decoding=\"async\" class=\"aligncenter wp-image-1176\" src=\"https:\/\/www.lojasnoparaguai.com.br\/blog\/wp-content\/uploads\/2016\/11\/14563516_1352950374717946_9035807587826913443_n.jpg\" alt=\"14563516_1352950374717946_9035807587826913443_n\" width=\"600\" height=\"228\" srcset=\"https:\/\/www.lojasparaguai.com.br\/blog\/wp-content\/uploads\/2016\/11\/14563516_1352950374717946_9035807587826913443_n.jpg 960w, https:\/\/www.lojasparaguai.com.br\/blog\/wp-content\/uploads\/2016\/11\/14563516_1352950374717946_9035807587826913443_n-300x114.jpg 300w, https:\/\/www.lojasparaguai.com.br\/blog\/wp-content\/uploads\/2016\/11\/14563516_1352950374717946_9035807587826913443_n-768x292.jpg 768w, https:\/\/www.lojasparaguai.com.br\/blog\/wp-content\/uploads\/2016\/11\/14563516_1352950374717946_9035807587826913443_n-65x25.jpg 65w, https:\/\/www.lojasparaguai.com.br\/blog\/wp-content\/uploads\/2016\/11\/14563516_1352950374717946_9035807587826913443_n-75x29.jpg 75w\" sizes=\"auto, (max-width: 600px) 100vw, 600px\" \/><\/a><\/p>\n<p>&nbsp;<\/p>\n<p><em>Shopping Del Este:<\/em> De\u00a025 \u00e0 27 de novembro Shopping Del Este estar\u00e1 realizando o Black Friday del Este, todas as lojas participantes estar\u00e3o identificadas com adesivos e Mobiles de teto, produtos com adesivos e a porcentagem.<\/p>\n<p><a href=\"https:\/\/www.lojasnoparaguai.com.br\/blog\/wp-content\/uploads\/2016\/11\/111.jpg\"><img loading=\"lazy\" decoding=\"async\" class=\"aligncenter wp-image-1183\" src=\"https:\/\/www.lojasnoparaguai.com.br\/blog\/wp-content\/uploads\/2016\/11\/111.jpg\" alt=\"111\" width=\"610\" height=\"226\" srcset=\"https:\/\/www.lojasparaguai.com.br\/blog\/wp-content\/uploads\/2016\/11\/111.jpg 851w, https:\/\/www.lojasparaguai.com.br\/blog\/wp-content\/uploads\/2016\/11\/111-300x111.jpg 300w, https:\/\/www.lojasparaguai.com.br\/blog\/wp-content\/uploads\/2016\/11\/111-768x284.jpg 768w, https:\/\/www.lojasparaguai.com.br\/blog\/wp-content\/uploads\/2016\/11\/111-65x24.jpg 65w, https:\/\/www.lojasparaguai.com.br\/blog\/wp-content\/uploads\/2016\/11\/111-75x28.jpg 75w\" sizes=\"auto, (max-width: 610px) 100vw, 610px\" \/><\/a><\/p>\n<p>&nbsp;<\/p>\n<p><em><a href=\"https:\/\/www.lojasnoparaguai.com.br\/lojas-no-paraguai\/mega-eletronicos\" target=\"_blank\">Mega Eletr\u00f4nicos:<\/a>\u00a0<\/em>Nos dias 25 e 26 de novembro, descontos de at\u00e9 50%.<\/p>\n<p><a href=\"https:\/\/www.lojasnoparaguai.com.br\/blog\/wp-content\/uploads\/2016\/11\/15027719_1212833862088336_8161016458766271288_n.jpg\"><img loading=\"lazy\" decoding=\"async\" class=\"aligncenter wp-image-1174\" src=\"https:\/\/www.lojasnoparaguai.com.br\/blog\/wp-content\/uploads\/2016\/11\/15027719_1212833862088336_8161016458766271288_n.jpg\" alt=\"15027719_1212833862088336_8161016458766271288_n\" width=\"600\" height=\"229\" srcset=\"https:\/\/www.lojasparaguai.com.br\/blog\/wp-content\/uploads\/2016\/11\/15027719_1212833862088336_8161016458766271288_n.jpg 960w, https:\/\/www.lojasparaguai.com.br\/blog\/wp-content\/uploads\/2016\/11\/15027719_1212833862088336_8161016458766271288_n-300x114.jpg 300w, https:\/\/www.lojasparaguai.com.br\/blog\/wp-content\/uploads\/2016\/11\/15027719_1212833862088336_8161016458766271288_n-768x293.jpg 768w, https:\/\/www.lojasparaguai.com.br\/blog\/wp-content\/uploads\/2016\/11\/15027719_1212833862088336_8161016458766271288_n-65x25.jpg 65w, https:\/\/www.lojasparaguai.com.br\/blog\/wp-content\/uploads\/2016\/11\/15027719_1212833862088336_8161016458766271288_n-75x29.jpg 75w\" sizes=\"auto, (max-width: 600px) 100vw, 600px\" \/><\/a><\/p>\n<p>&nbsp;<\/p>\n<p><a href=\"https:\/\/www.lojasnoparaguai.com.br\/lojas-no-paraguai\/nave-shop\" target=\"_blank\"><em>Nave Shop:<\/em><\/a>\u00a0Nos dias 25, 26 e 27 de Novembro, descontos de at\u00e9 70% em todos os setores da loja. Domingo hor\u00e1rio especial: 08:30Hs \u00e0s 12:30Hs. (hor\u00e1rio brasileiro).<\/p>\n<p><a href=\"https:\/\/www.lojasnoparaguai.com.br\/blog\/wp-content\/uploads\/2016\/11\/15192792_1142220729225361_8877777723549282334_n.png\"><img loading=\"lazy\" decoding=\"async\" class=\"aligncenter wp-image-1173\" src=\"https:\/\/www.lojasnoparaguai.com.br\/blog\/wp-content\/uploads\/2016\/11\/15192792_1142220729225361_8877777723549282334_n.png\" alt=\"15192792_1142220729225361_8877777723549282334_n\" width=\"600\" height=\"228\" srcset=\"https:\/\/www.lojasparaguai.com.br\/blog\/wp-content\/uploads\/2016\/11\/15192792_1142220729225361_8877777723549282334_n.png 828w, https:\/\/www.lojasparaguai.com.br\/blog\/wp-content\/uploads\/2016\/11\/15192792_1142220729225361_8877777723549282334_n-300x114.png 300w, https:\/\/www.lojasparaguai.com.br\/blog\/wp-content\/uploads\/2016\/11\/15192792_1142220729225361_8877777723549282334_n-768x292.png 768w, https:\/\/www.lojasparaguai.com.br\/blog\/wp-content\/uploads\/2016\/11\/15192792_1142220729225361_8877777723549282334_n-65x25.png 65w, https:\/\/www.lojasparaguai.com.br\/blog\/wp-content\/uploads\/2016\/11\/15192792_1142220729225361_8877777723549282334_n-75x29.png 75w\" sizes=\"auto, (max-width: 600px) 100vw, 600px\" \/><\/a><\/p>\n<p>&nbsp;<\/p>\n<p><em>DFS &#8211; Duty Federal Shop<\/em>:\u00a0Dias 25 e 26 de novembro.<\/p>\n<p><a href=\"https:\/\/www.lojasnoparaguai.com.br\/blog\/wp-content\/uploads\/2016\/11\/14991931_597583663784753_5015987139077808438_n.jpg\"><img loading=\"lazy\" decoding=\"async\" class=\"wp-image-1187 aligncenter\" src=\"https:\/\/www.lojasnoparaguai.com.br\/blog\/wp-content\/uploads\/2016\/11\/14991931_597583663784753_5015987139077808438_n.jpg\" alt=\"14991931_597583663784753_5015987139077808438_n\" width=\"600\" height=\"230\" srcset=\"https:\/\/www.lojasparaguai.com.br\/blog\/wp-content\/uploads\/2016\/11\/14991931_597583663784753_5015987139077808438_n.jpg 820w, https:\/\/www.lojasparaguai.com.br\/blog\/wp-content\/uploads\/2016\/11\/14991931_597583663784753_5015987139077808438_n-300x115.jpg 300w, https:\/\/www.lojasparaguai.com.br\/blog\/wp-content\/uploads\/2016\/11\/14991931_597583663784753_5015987139077808438_n-768x295.jpg 768w, https:\/\/www.lojasparaguai.com.br\/blog\/wp-content\/uploads\/2016\/11\/14991931_597583663784753_5015987139077808438_n-65x25.jpg 65w, https:\/\/www.lojasparaguai.com.br\/blog\/wp-content\/uploads\/2016\/11\/14991931_597583663784753_5015987139077808438_n-75x29.jpg 75w\" sizes=\"auto, (max-width: 600px) 100vw, 600px\" \/><\/a><\/p>\n<p>&nbsp;<\/p>\n<p>Curta nossa fan page no Facebook e fique por dentro das novidades do Paraguai: <a href=\"https:\/\/www.facebook.com\/lojasparaguay\/?fref=ts\" target=\"_blank\">facebook.com\/lojasparaguay<\/a><\/p>\n","protected":false},"excerpt":{"rendered":"<p>Como vem ocorrendo nos \u00faltimos anos, novembro tem se tornado o m\u00eas mais aguardado para os compristas de Ciudad del Este por conta da promo\u00e7\u00e3o Black Friday. Neste ano ela esta marcada para o dia 25 de novembro (sexta), mas algumas lojas v\u00e3o prolongar para o dia 26 (s\u00e1bado) e at\u00e9 para o dia 27 [&hellip;]<\/p>\n","protected":false},"author":6,"featured_media":1190,"comment_status":"closed","ping_status":"open","sticky":false,"template":"","format":"standard","meta":{"footnotes":""},"categories":[1,5,11],"tags":[75,8,52,3,63],"class_list":["post-1172","post","type-post","status-publish","format-standard","has-post-thumbnail","hentry","category-compras-paraguai","category-paraguai-2","category-produtos","tag-black-friday","tag-ciudad-del-este","tag-compras","tag-paraguai","tag-promocao"],"yoast_head":"<!-- This site is optimized with the Yoast SEO plugin v27.1.1 - https:\/\/yoast.com\/product\/yoast-seo-wordpress\/ -->\n<title>Black Friday 2016 em Ciudad del Este - Blog Lojas no Paraguai<\/title>\n<meta name=\"description\" content=\"Como vem ocorrendo nos \u00faltimos anos, novembro tem se tornado o m\u00eas mais aguardado para os compristas de Ciudad del Este por conta da promo\u00e7\u00e3o Black Friday.\" \/>\n<meta name=\"robots\" content=\"index, follow, max-snippet:-1, max-image-preview:large, max-video-preview:-1\" \/>\n<link rel=\"canonical\" href=\"https:\/\/www.lojasparaguai.com.br\/blog\/black-friday-2016-em-ciudad-del-este\/\" \/>\n<meta property=\"og:locale\" content=\"pt_BR\" \/>\n<meta property=\"og:type\" content=\"article\" \/>\n<meta property=\"og:title\" content=\"Black Friday 2016 em Ciudad del Este - Blog Lojas no Paraguai\" \/>\n<meta property=\"og:description\" content=\"Como vem ocorrendo nos \u00faltimos anos, novembro tem se tornado o m\u00eas mais aguardado para os compristas de Ciudad del Este por conta da promo\u00e7\u00e3o Black Friday.\" \/>\n<meta property=\"og:url\" content=\"https:\/\/www.lojasparaguai.com.br\/blog\/black-friday-2016-em-ciudad-del-este\/\" \/>\n<meta property=\"og:site_name\" content=\"Blog Lojas no Paraguai\" \/>\n<meta property=\"article:publisher\" content=\"https:\/\/www.facebook.com\/lojasparaguay\" \/>\n<meta property=\"article:published_time\" content=\"2016-11-24T19:29:13+00:00\" \/>\n<meta property=\"og:image\" content=\"https:\/\/www.lojasparaguai.com.br\/blog\/wp-content\/uploads\/2016\/11\/14725536_1202730679773780_7122052575231728744_n.jpg\" \/>\n\t<meta property=\"og:image:width\" content=\"960\" \/>\n\t<meta property=\"og:image:height\" content=\"960\" \/>\n\t<meta property=\"og:image:type\" content=\"image\/jpeg\" \/>\n<meta name=\"author\" content=\"Marcondes Tiago\" \/>\n<meta name=\"twitter:label1\" content=\"Escrito por\" \/>\n\t<meta name=\"twitter:data1\" content=\"Marcondes Tiago\" \/>\n\t<meta name=\"twitter:label2\" content=\"Est. tempo de leitura\" \/>\n\t<meta name=\"twitter:data2\" content=\"1 minuto\" \/>\n<script type=\"application\/ld+json\" class=\"yoast-schema-graph\">{\"@context\":\"https:\/\/schema.org\",\"@graph\":[{\"@type\":\"Article\",\"@id\":\"https:\/\/www.lojasparaguai.com.br\/blog\/black-friday-2016-em-ciudad-del-este\/#article\",\"isPartOf\":{\"@id\":\"https:\/\/www.lojasparaguai.com.br\/blog\/black-friday-2016-em-ciudad-del-este\/\"},\"author\":{\"name\":\"Marcondes Tiago\",\"@id\":\"https:\/\/www.lojasparaguai.com.br\/blog\/#\/schema\/person\/9971dd4a0428c65667f4a17cdba14456\"},\"headline\":\"Black Friday 2016 em Ciudad del Este\",\"datePublished\":\"2016-11-24T19:29:13+00:00\",\"mainEntityOfPage\":{\"@id\":\"https:\/\/www.lojasparaguai.com.br\/blog\/black-friday-2016-em-ciudad-del-este\/\"},\"wordCount\":293,\"image\":{\"@id\":\"https:\/\/www.lojasparaguai.com.br\/blog\/black-friday-2016-em-ciudad-del-este\/#primaryimage\"},\"thumbnailUrl\":\"https:\/\/www.lojasparaguai.com.br\/blog\/wp-content\/uploads\/2016\/11\/14725536_1202730679773780_7122052575231728744_n.jpg\",\"keywords\":[\"Black Friday\",\"ciudad del este\",\"compras\",\"Paraguai\",\"promo\u00e7\u00e3o\"],\"articleSection\":[\"Compras Paraguai\",\"Paraguai\",\"Produtos\"],\"inLanguage\":\"pt-BR\"},{\"@type\":\"WebPage\",\"@id\":\"https:\/\/www.lojasparaguai.com.br\/blog\/black-friday-2016-em-ciudad-del-este\/\",\"url\":\"https:\/\/www.lojasparaguai.com.br\/blog\/black-friday-2016-em-ciudad-del-este\/\",\"name\":\"Black Friday 2016 em Ciudad del Este - Blog Lojas no Paraguai\",\"isPartOf\":{\"@id\":\"https:\/\/www.lojasparaguai.com.br\/blog\/#website\"},\"primaryImageOfPage\":{\"@id\":\"https:\/\/www.lojasparaguai.com.br\/blog\/black-friday-2016-em-ciudad-del-este\/#primaryimage\"},\"image\":{\"@id\":\"https:\/\/www.lojasparaguai.com.br\/blog\/black-friday-2016-em-ciudad-del-este\/#primaryimage\"},\"thumbnailUrl\":\"https:\/\/www.lojasparaguai.com.br\/blog\/wp-content\/uploads\/2016\/11\/14725536_1202730679773780_7122052575231728744_n.jpg\",\"datePublished\":\"2016-11-24T19:29:13+00:00\",\"author\":{\"@id\":\"https:\/\/www.lojasparaguai.com.br\/blog\/#\/schema\/person\/9971dd4a0428c65667f4a17cdba14456\"},\"description\":\"Como vem ocorrendo nos \u00faltimos anos, novembro tem se tornado o m\u00eas mais aguardado para os compristas de Ciudad del Este por conta da promo\u00e7\u00e3o Black Friday.\",\"breadcrumb\":{\"@id\":\"https:\/\/www.lojasparaguai.com.br\/blog\/black-friday-2016-em-ciudad-del-este\/#breadcrumb\"},\"inLanguage\":\"pt-BR\",\"potentialAction\":[{\"@type\":\"ReadAction\",\"target\":[\"https:\/\/www.lojasparaguai.com.br\/blog\/black-friday-2016-em-ciudad-del-este\/\"]}]},{\"@type\":\"ImageObject\",\"inLanguage\":\"pt-BR\",\"@id\":\"https:\/\/www.lojasparaguai.com.br\/blog\/black-friday-2016-em-ciudad-del-este\/#primaryimage\",\"url\":\"https:\/\/www.lojasparaguai.com.br\/blog\/wp-content\/uploads\/2016\/11\/14725536_1202730679773780_7122052575231728744_n.jpg\",\"contentUrl\":\"https:\/\/www.lojasparaguai.com.br\/blog\/wp-content\/uploads\/2016\/11\/14725536_1202730679773780_7122052575231728744_n.jpg\",\"width\":960,\"height\":960},{\"@type\":\"BreadcrumbList\",\"@id\":\"https:\/\/www.lojasparaguai.com.br\/blog\/black-friday-2016-em-ciudad-del-este\/#breadcrumb\",\"itemListElement\":[{\"@type\":\"ListItem\",\"position\":1,\"name\":\"In\u00edcio\",\"item\":\"https:\/\/www.lojasparaguai.com.br\/blog\/\"},{\"@type\":\"ListItem\",\"position\":2,\"name\":\"Black Friday 2016 em Ciudad del Este\"}]},{\"@type\":\"WebSite\",\"@id\":\"https:\/\/www.lojasparaguai.com.br\/blog\/#website\",\"url\":\"https:\/\/www.lojasparaguai.com.br\/blog\/\",\"name\":\"Blog Lojas no Paraguai\",\"description\":\"LojasParaguai.com.br\",\"potentialAction\":[{\"@type\":\"SearchAction\",\"target\":{\"@type\":\"EntryPoint\",\"urlTemplate\":\"https:\/\/www.lojasparaguai.com.br\/blog\/?s={search_term_string}\"},\"query-input\":{\"@type\":\"PropertyValueSpecification\",\"valueRequired\":true,\"valueName\":\"search_term_string\"}}],\"inLanguage\":\"pt-BR\"},{\"@type\":\"Person\",\"@id\":\"https:\/\/www.lojasparaguai.com.br\/blog\/#\/schema\/person\/9971dd4a0428c65667f4a17cdba14456\",\"name\":\"Marcondes Tiago\",\"image\":{\"@type\":\"ImageObject\",\"inLanguage\":\"pt-BR\",\"@id\":\"https:\/\/www.lojasparaguai.com.br\/blog\/#\/schema\/person\/image\/\",\"url\":\"https:\/\/secure.gravatar.com\/avatar\/d931ffde761030f9d53ada505eab381b67bacbec50b32460da5b9122812b5382?s=96&d=mm&r=g\",\"contentUrl\":\"https:\/\/secure.gravatar.com\/avatar\/d931ffde761030f9d53ada505eab381b67bacbec50b32460da5b9122812b5382?s=96&d=mm&r=g\",\"caption\":\"Marcondes Tiago\"},\"url\":\"https:\/\/www.lojasparaguai.com.br\/blog\/author\/marcondes\/\"}]}<\/script>\n<!-- \/ Yoast SEO plugin. -->","yoast_head_json":{"title":"Black Friday 2016 em Ciudad del Este - Blog Lojas no Paraguai","description":"Como vem ocorrendo nos \u00faltimos anos, novembro tem se tornado o m\u00eas mais aguardado para os compristas de Ciudad del Este por conta da promo\u00e7\u00e3o Black Friday.","robots":{"index":"index","follow":"follow","max-snippet":"max-snippet:-1","max-image-preview":"max-image-preview:large","max-video-preview":"max-video-preview:-1"},"canonical":"https:\/\/www.lojasparaguai.com.br\/blog\/black-friday-2016-em-ciudad-del-este\/","og_locale":"pt_BR","og_type":"article","og_title":"Black Friday 2016 em Ciudad del Este - Blog Lojas no Paraguai","og_description":"Como vem ocorrendo nos \u00faltimos anos, novembro tem se tornado o m\u00eas mais aguardado para os compristas de Ciudad del Este por conta da promo\u00e7\u00e3o Black Friday.","og_url":"https:\/\/www.lojasparaguai.com.br\/blog\/black-friday-2016-em-ciudad-del-este\/","og_site_name":"Blog Lojas no Paraguai","article_publisher":"https:\/\/www.facebook.com\/lojasparaguay","article_published_time":"2016-11-24T19:29:13+00:00","og_image":[{"width":960,"height":960,"url":"https:\/\/www.lojasparaguai.com.br\/blog\/wp-content\/uploads\/2016\/11\/14725536_1202730679773780_7122052575231728744_n.jpg","type":"image\/jpeg"}],"author":"Marcondes Tiago","twitter_misc":{"Escrito por":"Marcondes Tiago","Est. tempo de leitura":"1 minuto"},"schema":{"@context":"https:\/\/schema.org","@graph":[{"@type":"Article","@id":"https:\/\/www.lojasparaguai.com.br\/blog\/black-friday-2016-em-ciudad-del-este\/#article","isPartOf":{"@id":"https:\/\/www.lojasparaguai.com.br\/blog\/black-friday-2016-em-ciudad-del-este\/"},"author":{"name":"Marcondes Tiago","@id":"https:\/\/www.lojasparaguai.com.br\/blog\/#\/schema\/person\/9971dd4a0428c65667f4a17cdba14456"},"headline":"Black Friday 2016 em Ciudad del Este","datePublished":"2016-11-24T19:29:13+00:00","mainEntityOfPage":{"@id":"https:\/\/www.lojasparaguai.com.br\/blog\/black-friday-2016-em-ciudad-del-este\/"},"wordCount":293,"image":{"@id":"https:\/\/www.lojasparaguai.com.br\/blog\/black-friday-2016-em-ciudad-del-este\/#primaryimage"},"thumbnailUrl":"https:\/\/www.lojasparaguai.com.br\/blog\/wp-content\/uploads\/2016\/11\/14725536_1202730679773780_7122052575231728744_n.jpg","keywords":["Black Friday","ciudad del este","compras","Paraguai","promo\u00e7\u00e3o"],"articleSection":["Compras Paraguai","Paraguai","Produtos"],"inLanguage":"pt-BR"},{"@type":"WebPage","@id":"https:\/\/www.lojasparaguai.com.br\/blog\/black-friday-2016-em-ciudad-del-este\/","url":"https:\/\/www.lojasparaguai.com.br\/blog\/black-friday-2016-em-ciudad-del-este\/","name":"Black Friday 2016 em Ciudad del Este - Blog Lojas no Paraguai","isPartOf":{"@id":"https:\/\/www.lojasparaguai.com.br\/blog\/#website"},"primaryImageOfPage":{"@id":"https:\/\/www.lojasparaguai.com.br\/blog\/black-friday-2016-em-ciudad-del-este\/#primaryimage"},"image":{"@id":"https:\/\/www.lojasparaguai.com.br\/blog\/black-friday-2016-em-ciudad-del-este\/#primaryimage"},"thumbnailUrl":"https:\/\/www.lojasparaguai.com.br\/blog\/wp-content\/uploads\/2016\/11\/14725536_1202730679773780_7122052575231728744_n.jpg","datePublished":"2016-11-24T19:29:13+00:00","author":{"@id":"https:\/\/www.lojasparaguai.com.br\/blog\/#\/schema\/person\/9971dd4a0428c65667f4a17cdba14456"},"description":"Como vem ocorrendo nos \u00faltimos anos, novembro tem se tornado o m\u00eas mais aguardado para os compristas de Ciudad del Este por conta da promo\u00e7\u00e3o Black Friday.","breadcrumb":{"@id":"https:\/\/www.lojasparaguai.com.br\/blog\/black-friday-2016-em-ciudad-del-este\/#breadcrumb"},"inLanguage":"pt-BR","potentialAction":[{"@type":"ReadAction","target":["https:\/\/www.lojasparaguai.com.br\/blog\/black-friday-2016-em-ciudad-del-este\/"]}]},{"@type":"ImageObject","inLanguage":"pt-BR","@id":"https:\/\/www.lojasparaguai.com.br\/blog\/black-friday-2016-em-ciudad-del-este\/#primaryimage","url":"https:\/\/www.lojasparaguai.com.br\/blog\/wp-content\/uploads\/2016\/11\/14725536_1202730679773780_7122052575231728744_n.jpg","contentUrl":"https:\/\/www.lojasparaguai.com.br\/blog\/wp-content\/uploads\/2016\/11\/14725536_1202730679773780_7122052575231728744_n.jpg","width":960,"height":960},{"@type":"BreadcrumbList","@id":"https:\/\/www.lojasparaguai.com.br\/blog\/black-friday-2016-em-ciudad-del-este\/#breadcrumb","itemListElement":[{"@type":"ListItem","position":1,"name":"In\u00edcio","item":"https:\/\/www.lojasparaguai.com.br\/blog\/"},{"@type":"ListItem","position":2,"name":"Black Friday 2016 em Ciudad del Este"}]},{"@type":"WebSite","@id":"https:\/\/www.lojasparaguai.com.br\/blog\/#website","url":"https:\/\/www.lojasparaguai.com.br\/blog\/","name":"Blog Lojas no Paraguai","description":"LojasParaguai.com.br","potentialAction":[{"@type":"SearchAction","target":{"@type":"EntryPoint","urlTemplate":"https:\/\/www.lojasparaguai.com.br\/blog\/?s={search_term_string}"},"query-input":{"@type":"PropertyValueSpecification","valueRequired":true,"valueName":"search_term_string"}}],"inLanguage":"pt-BR"},{"@type":"Person","@id":"https:\/\/www.lojasparaguai.com.br\/blog\/#\/schema\/person\/9971dd4a0428c65667f4a17cdba14456","name":"Marcondes Tiago","image":{"@type":"ImageObject","inLanguage":"pt-BR","@id":"https:\/\/www.lojasparaguai.com.br\/blog\/#\/schema\/person\/image\/","url":"https:\/\/secure.gravatar.com\/avatar\/d931ffde761030f9d53ada505eab381b67bacbec50b32460da5b9122812b5382?s=96&d=mm&r=g","contentUrl":"https:\/\/secure.gravatar.com\/avatar\/d931ffde761030f9d53ada505eab381b67bacbec50b32460da5b9122812b5382?s=96&d=mm&r=g","caption":"Marcondes Tiago"},"url":"https:\/\/www.lojasparaguai.com.br\/blog\/author\/marcondes\/"}]}},"_links":{"self":[{"href":"https:\/\/www.lojasparaguai.com.br\/blog\/wp-json\/wp\/v2\/posts\/1172","targetHints":{"allow":["GET"]}}],"collection":[{"href":"https:\/\/www.lojasparaguai.com.br\/blog\/wp-json\/wp\/v2\/posts"}],"about":[{"href":"https:\/\/www.lojasparaguai.com.br\/blog\/wp-json\/wp\/v2\/types\/post"}],"author":[{"embeddable":true,"href":"https:\/\/www.lojasparaguai.com.br\/blog\/wp-json\/wp\/v2\/users\/6"}],"replies":[{"embeddable":true,"href":"https:\/\/www.lojasparaguai.com.br\/blog\/wp-json\/wp\/v2\/comments?post=1172"}],"version-history":[{"count":16,"href":"https:\/\/www.lojasparaguai.com.br\/blog\/wp-json\/wp\/v2\/posts\/1172\/revisions"}],"predecessor-version":[{"id":1197,"href":"https:\/\/www.lojasparaguai.com.br\/blog\/wp-json\/wp\/v2\/posts\/1172\/revisions\/1197"}],"wp:featuredmedia":[{"embeddable":true,"href":"https:\/\/www.lojasparaguai.com.br\/blog\/wp-json\/wp\/v2\/media\/1190"}],"wp:attachment":[{"href":"https:\/\/www.lojasparaguai.com.br\/blog\/wp-json\/wp\/v2\/media?parent=1172"}],"wp:term":[{"taxonomy":"category","embeddable":true,"href":"https:\/\/www.lojasparaguai.com.br\/blog\/wp-json\/wp\/v2\/categories?post=1172"},{"taxonomy":"post_tag","embeddable":true,"href":"https:\/\/www.lojasparaguai.com.br\/blog\/wp-json\/wp\/v2\/tags?post=1172"}],"curies":[{"name":"wp","href":"https:\/\/api.w.org\/{rel}","templated":true}]}}