{"id":708,"date":"2015-07-20T10:30:31","date_gmt":"2015-07-20T13:30:31","guid":{"rendered":"http:\/\/www.lojasnoparaguai.com.br\/blog\/?p=708"},"modified":"2019-10-09T14:42:01","modified_gmt":"2019-10-09T17:42:01","slug":"dolar-congelado-ate-o-dia-2-de-agosto","status":"publish","type":"post","link":"https:\/\/www.lojasparaguai.com.br\/blog\/dolar-congelado-ate-o-dia-2-de-agosto\/","title":{"rendered":"\u201cD\u00f3lar congelado\u201d at\u00e9 o dia 2 de agosto"},"content":{"rendered":"<p style=\"text-align: justify;\">A vida n\u00e3o est\u00e1 f\u00e1cil para os comerciantes do Paraguai. V\u00e1rios motivos fizeram com que o movimento nas lojas ca\u00edsse pela metade desde o in\u00edcio do ano s\u00f3 em Ciudad del Este. O d\u00f3lar nas alturas, a concorr\u00eancia com os produtos comprados direto da China, as amea\u00e7as de redu\u00e7\u00e3o da cota, forte fiscaliza\u00e7\u00e3o na fronteira\u2026 O jeito \u00e9 pensar em estrat\u00e9gias para atrair novamente os turistas ao com\u00e9rcio das cidades fronteiri\u00e7as.<\/p>\n<p style=\"text-align: justify;\">Foi o que fez Pedro Juan Caballero. Desde a \u00faltima quinta-feira (16) a promo\u00e7\u00e3o \u201cd\u00f3lar congelado\u201d baixou o valor da moeda americana na cidade que faz divisa com Ponta Por\u00e3, no Mato Grosso. Aproximadamente 25 estabelecimentos aderiram ao evento que ter\u00e1 dura\u00e7\u00e3o de 18 dias. <!--more-->A loja que aderir a promo\u00e7\u00e3o precisa selecionar no m\u00ednimo dez produtos, cujo valor ser\u00e1 cotado em R$2,50. Os demais produtos podem variar entre R$2,50 e no m\u00e1ximo R$3,00. Perfumarias, lojas de decora\u00e7\u00e3o, eletr\u00f4nicos, pneus e at\u00e9 cassinos aderiram a promo\u00e7\u00e3o. Segundo Rafaat Jorge Tounari, organizador do evento, a ideia \u00e9 movimentar n\u00e3o somente lojas, mas tamb\u00e9m hot\u00e9is e restaurantes da cidade.<\/p>\n<p style=\"text-align: justify;\">As lojas cadastradas ser\u00e3o sinalizadas com o slogan da promo\u00e7\u00e3o e o turista tamb\u00e9m pode conferir os participantes\u00a0no site <a href=\"http:\/\/www.promocaodolarcongelado.com\">http:\/\/www.promocaodolarcongelado.com<\/a>. \u00a0De acordo com a organiza\u00e7\u00e3o do evento, que est\u00e1 sendo amplamente divulgado nas redes sociais, haver\u00e1 uma fiscaliza\u00e7\u00e3o das lojas cadastradas e ainda uma pesquisa com os compristas para avaliar a satisfa\u00e7\u00e3o com os produtos e pre\u00e7os praticados.<\/p>\n<p style=\"text-align: justify;\">Os valores s\u00e3o atrativos. Hoje, um d\u00f3lar est\u00e1 sendo cotado em m\u00e9dia R$3,30. Por exemplo, um produto que custa 100 d\u00f3lares, sairia normalmente 330 reais. Na promo\u00e7\u00e3o, o consumidor pagar\u00e1 entre 250 e 300 reais. S\u00e3o esperadas 20 mil durante o per\u00edodo do evento que \u00e9 do dia 16 de Julho a 2 de Agosto.<\/p>\n<p style=\"text-align: justify;\">Em Ciudad del Este ainda n\u00e3o foi organizado um evento coletivo para movimentar novamente a fronteira. Mas os lojistas por si mesmos aderem a estrat\u00e9gias parecidas afim de atrair os compristas. Algumas lojas oferecem promo\u00e7\u00f5es, outras congelam o d\u00f3lar em valores at\u00e9 menores que R$2,50. Fique de olho no <a href=\"https:\/\/www.facebook.com\/lojasparaguay?fref=ts\" target=\"_blank\" rel=\"noopener noreferrer\">facebook Lojas no Paraguai<\/a> para ficar por dentro das novidades e promo\u00e7\u00f5es da fronteira.<\/p>\n<p style=\"text-align: center;\">\n<p style=\"text-align: center;\"><a href=\"http:\/\/www.lojasnoparaguai.com.br\/blog\/wp-content\/uploads\/2015\/07\/WEB-BANNER-\u00c1GIL-702x336px1.jpg\"><img loading=\"lazy\" decoding=\"async\" class=\"img-responsive aligncenter wp-image-709 size-full\" src=\"http:\/\/www.lojasnoparaguai.com.br\/blog\/wp-content\/uploads\/2015\/07\/WEB-BANNER-\u00c1GIL-702x336px1.jpg\" alt=\"WEB-BANNER-\u00c1GIL-702x336px1\" width=\"702\" height=\"336\" \/><\/a><\/p>\n","protected":false},"excerpt":{"rendered":"<p>A vida n\u00e3o est\u00e1 f\u00e1cil para os comerciantes do Paraguai. V\u00e1rios motivos fizeram com que o movimento nas lojas ca\u00edsse pela metade desde o in\u00edcio do ano s\u00f3 em Ciudad del Este. O d\u00f3lar nas alturas, a concorr\u00eancia com os produtos comprados direto da China, as amea\u00e7as de redu\u00e7\u00e3o da cota, forte fiscaliza\u00e7\u00e3o na fronteira\u2026 [&hellip;]<\/p>\n","protected":false},"author":1,"featured_media":710,"comment_status":"closed","ping_status":"open","sticky":false,"template":"","format":"standard","meta":{"footnotes":""},"categories":[1,5,11,33],"tags":[51,62,3,9,63,57],"class_list":["post-708","post","type-post","status-publish","format-standard","has-post-thumbnail","hentry","category-compras-paraguai","category-paraguai-2","category-produtos","category-turismo","tag-dolar","tag-lojas","tag-paraguai","tag-pedro-juan-caballero","tag-promocao","tag-turismo"],"yoast_head":"<!-- This site is optimized with the Yoast SEO plugin v27.1.1 - https:\/\/yoast.com\/product\/yoast-seo-wordpress\/ -->\n<title>\u201cD\u00f3lar congelado\u201d at\u00e9 o dia 2 de agosto - Blog Lojas no Paraguai<\/title>\n<meta name=\"description\" content=\"A vida n\u00e3o est\u00e1 f\u00e1cil para os comerciantes do Paraguai. V\u00e1rios motivos fizeram com que o movimento nas lojas ca\u00edsse pela metade desde o in\u00edcio do ano s\u00f3 em\" \/>\n<meta name=\"robots\" content=\"index, follow, max-snippet:-1, max-image-preview:large, max-video-preview:-1\" \/>\n<link rel=\"canonical\" href=\"https:\/\/www.lojasparaguai.com.br\/blog\/dolar-congelado-ate-o-dia-2-de-agosto\/\" \/>\n<meta property=\"og:locale\" content=\"pt_BR\" \/>\n<meta property=\"og:type\" content=\"article\" \/>\n<meta property=\"og:title\" content=\"\u201cD\u00f3lar congelado\u201d at\u00e9 o dia 2 de agosto - Blog Lojas no Paraguai\" \/>\n<meta property=\"og:description\" content=\"A vida n\u00e3o est\u00e1 f\u00e1cil para os comerciantes do Paraguai. V\u00e1rios motivos fizeram com que o movimento nas lojas ca\u00edsse pela metade desde o in\u00edcio do ano s\u00f3 em\" \/>\n<meta property=\"og:url\" content=\"https:\/\/www.lojasparaguai.com.br\/blog\/dolar-congelado-ate-o-dia-2-de-agosto\/\" \/>\n<meta property=\"og:site_name\" content=\"Blog Lojas no Paraguai\" \/>\n<meta property=\"article:publisher\" content=\"https:\/\/www.facebook.com\/lojasparaguay\" \/>\n<meta property=\"article:published_time\" content=\"2015-07-20T13:30:31+00:00\" \/>\n<meta property=\"article:modified_time\" content=\"2019-10-09T17:42:01+00:00\" \/>\n<meta property=\"og:image\" content=\"https:\/\/www.lojasparaguai.com.br\/blog\/wp-content\/uploads\/2015\/07\/WEB-BANNER-\u00c1GIL-702x336px1.jpg\" \/>\n\t<meta property=\"og:image:width\" content=\"702\" \/>\n\t<meta property=\"og:image:height\" content=\"336\" \/>\n\t<meta property=\"og:image:type\" content=\"image\/jpeg\" \/>\n<meta name=\"author\" content=\"Lojas no Paraguai\" \/>\n<meta name=\"twitter:label1\" content=\"Escrito por\" \/>\n\t<meta name=\"twitter:data1\" content=\"Lojas no Paraguai\" \/>\n\t<meta name=\"twitter:label2\" content=\"Est. tempo de leitura\" \/>\n\t<meta name=\"twitter:data2\" content=\"2 minutos\" \/>\n<script type=\"application\/ld+json\" class=\"yoast-schema-graph\">{\"@context\":\"https:\/\/schema.org\",\"@graph\":[{\"@type\":\"Article\",\"@id\":\"https:\/\/www.lojasparaguai.com.br\/blog\/dolar-congelado-ate-o-dia-2-de-agosto\/#article\",\"isPartOf\":{\"@id\":\"https:\/\/www.lojasparaguai.com.br\/blog\/dolar-congelado-ate-o-dia-2-de-agosto\/\"},\"author\":{\"name\":\"Lojas no Paraguai\",\"@id\":\"https:\/\/www.lojasparaguai.com.br\/blog\/#\/schema\/person\/3d44178785d326d9ec9859942ff987cf\"},\"headline\":\"\u201cD\u00f3lar congelado\u201d at\u00e9 o dia 2 de agosto\",\"datePublished\":\"2015-07-20T13:30:31+00:00\",\"dateModified\":\"2019-10-09T17:42:01+00:00\",\"mainEntityOfPage\":{\"@id\":\"https:\/\/www.lojasparaguai.com.br\/blog\/dolar-congelado-ate-o-dia-2-de-agosto\/\"},\"wordCount\":397,\"image\":{\"@id\":\"https:\/\/www.lojasparaguai.com.br\/blog\/dolar-congelado-ate-o-dia-2-de-agosto\/#primaryimage\"},\"thumbnailUrl\":\"https:\/\/www.lojasparaguai.com.br\/blog\/wp-content\/uploads\/2015\/07\/WEB-BANNER-\u00c1GIL-702x336px1.jpg\",\"keywords\":[\"d\u00f3lar\",\"lojas\",\"Paraguai\",\"Pedro Juan Caballero\",\"promo\u00e7\u00e3o\",\"turismo\"],\"articleSection\":[\"Compras Paraguai\",\"Paraguai\",\"Produtos\",\"Turismo\"],\"inLanguage\":\"pt-BR\"},{\"@type\":\"WebPage\",\"@id\":\"https:\/\/www.lojasparaguai.com.br\/blog\/dolar-congelado-ate-o-dia-2-de-agosto\/\",\"url\":\"https:\/\/www.lojasparaguai.com.br\/blog\/dolar-congelado-ate-o-dia-2-de-agosto\/\",\"name\":\"\u201cD\u00f3lar congelado\u201d at\u00e9 o dia 2 de agosto - Blog Lojas no Paraguai\",\"isPartOf\":{\"@id\":\"https:\/\/www.lojasparaguai.com.br\/blog\/#website\"},\"primaryImageOfPage\":{\"@id\":\"https:\/\/www.lojasparaguai.com.br\/blog\/dolar-congelado-ate-o-dia-2-de-agosto\/#primaryimage\"},\"image\":{\"@id\":\"https:\/\/www.lojasparaguai.com.br\/blog\/dolar-congelado-ate-o-dia-2-de-agosto\/#primaryimage\"},\"thumbnailUrl\":\"https:\/\/www.lojasparaguai.com.br\/blog\/wp-content\/uploads\/2015\/07\/WEB-BANNER-\u00c1GIL-702x336px1.jpg\",\"datePublished\":\"2015-07-20T13:30:31+00:00\",\"dateModified\":\"2019-10-09T17:42:01+00:00\",\"author\":{\"@id\":\"https:\/\/www.lojasparaguai.com.br\/blog\/#\/schema\/person\/3d44178785d326d9ec9859942ff987cf\"},\"description\":\"A vida n\u00e3o est\u00e1 f\u00e1cil para os comerciantes do Paraguai. V\u00e1rios motivos fizeram com que o movimento nas lojas ca\u00edsse pela metade desde o in\u00edcio do ano s\u00f3 em\",\"breadcrumb\":{\"@id\":\"https:\/\/www.lojasparaguai.com.br\/blog\/dolar-congelado-ate-o-dia-2-de-agosto\/#breadcrumb\"},\"inLanguage\":\"pt-BR\",\"potentialAction\":[{\"@type\":\"ReadAction\",\"target\":[\"https:\/\/www.lojasparaguai.com.br\/blog\/dolar-congelado-ate-o-dia-2-de-agosto\/\"]}]},{\"@type\":\"ImageObject\",\"inLanguage\":\"pt-BR\",\"@id\":\"https:\/\/www.lojasparaguai.com.br\/blog\/dolar-congelado-ate-o-dia-2-de-agosto\/#primaryimage\",\"url\":\"https:\/\/www.lojasparaguai.com.br\/blog\/wp-content\/uploads\/2015\/07\/WEB-BANNER-\u00c1GIL-702x336px1.jpg\",\"contentUrl\":\"https:\/\/www.lojasparaguai.com.br\/blog\/wp-content\/uploads\/2015\/07\/WEB-BANNER-\u00c1GIL-702x336px1.jpg\",\"width\":702,\"height\":336},{\"@type\":\"BreadcrumbList\",\"@id\":\"https:\/\/www.lojasparaguai.com.br\/blog\/dolar-congelado-ate-o-dia-2-de-agosto\/#breadcrumb\",\"itemListElement\":[{\"@type\":\"ListItem\",\"position\":1,\"name\":\"In\u00edcio\",\"item\":\"https:\/\/www.lojasparaguai.com.br\/blog\/\"},{\"@type\":\"ListItem\",\"position\":2,\"name\":\"\u201cD\u00f3lar congelado\u201d at\u00e9 o dia 2 de agosto\"}]},{\"@type\":\"WebSite\",\"@id\":\"https:\/\/www.lojasparaguai.com.br\/blog\/#website\",\"url\":\"https:\/\/www.lojasparaguai.com.br\/blog\/\",\"name\":\"Blog Lojas no Paraguai\",\"description\":\"LojasParaguai.com.br\",\"potentialAction\":[{\"@type\":\"SearchAction\",\"target\":{\"@type\":\"EntryPoint\",\"urlTemplate\":\"https:\/\/www.lojasparaguai.com.br\/blog\/?s={search_term_string}\"},\"query-input\":{\"@type\":\"PropertyValueSpecification\",\"valueRequired\":true,\"valueName\":\"search_term_string\"}}],\"inLanguage\":\"pt-BR\"},{\"@type\":\"Person\",\"@id\":\"https:\/\/www.lojasparaguai.com.br\/blog\/#\/schema\/person\/3d44178785d326d9ec9859942ff987cf\",\"name\":\"Lojas no Paraguai\",\"image\":{\"@type\":\"ImageObject\",\"inLanguage\":\"pt-BR\",\"@id\":\"https:\/\/www.lojasparaguai.com.br\/blog\/#\/schema\/person\/image\/\",\"url\":\"https:\/\/secure.gravatar.com\/avatar\/c81502e614b777e87707755fcd8a6f86e458c25218d30d161eb9de3658893868?s=96&d=mm&r=g\",\"contentUrl\":\"https:\/\/secure.gravatar.com\/avatar\/c81502e614b777e87707755fcd8a6f86e458c25218d30d161eb9de3658893868?s=96&d=mm&r=g\",\"caption\":\"Lojas no Paraguai\"},\"url\":\"https:\/\/www.lojasparaguai.com.br\/blog\/author\/lnp\/\"}]}<\/script>\n<!-- \/ Yoast SEO plugin. -->","yoast_head_json":{"title":"\u201cD\u00f3lar congelado\u201d at\u00e9 o dia 2 de agosto - Blog Lojas no Paraguai","description":"A vida n\u00e3o est\u00e1 f\u00e1cil para os comerciantes do Paraguai. V\u00e1rios motivos fizeram com que o movimento nas lojas ca\u00edsse pela metade desde o in\u00edcio do ano s\u00f3 em","robots":{"index":"index","follow":"follow","max-snippet":"max-snippet:-1","max-image-preview":"max-image-preview:large","max-video-preview":"max-video-preview:-1"},"canonical":"https:\/\/www.lojasparaguai.com.br\/blog\/dolar-congelado-ate-o-dia-2-de-agosto\/","og_locale":"pt_BR","og_type":"article","og_title":"\u201cD\u00f3lar congelado\u201d at\u00e9 o dia 2 de agosto - Blog Lojas no Paraguai","og_description":"A vida n\u00e3o est\u00e1 f\u00e1cil para os comerciantes do Paraguai. V\u00e1rios motivos fizeram com que o movimento nas lojas ca\u00edsse pela metade desde o in\u00edcio do ano s\u00f3 em","og_url":"https:\/\/www.lojasparaguai.com.br\/blog\/dolar-congelado-ate-o-dia-2-de-agosto\/","og_site_name":"Blog Lojas no Paraguai","article_publisher":"https:\/\/www.facebook.com\/lojasparaguay","article_published_time":"2015-07-20T13:30:31+00:00","article_modified_time":"2019-10-09T17:42:01+00:00","og_image":[{"width":702,"height":336,"url":"https:\/\/www.lojasparaguai.com.br\/blog\/wp-content\/uploads\/2015\/07\/WEB-BANNER-\u00c1GIL-702x336px1.jpg","type":"image\/jpeg"}],"author":"Lojas no Paraguai","twitter_misc":{"Escrito por":"Lojas no Paraguai","Est. tempo de leitura":"2 minutos"},"schema":{"@context":"https:\/\/schema.org","@graph":[{"@type":"Article","@id":"https:\/\/www.lojasparaguai.com.br\/blog\/dolar-congelado-ate-o-dia-2-de-agosto\/#article","isPartOf":{"@id":"https:\/\/www.lojasparaguai.com.br\/blog\/dolar-congelado-ate-o-dia-2-de-agosto\/"},"author":{"name":"Lojas no Paraguai","@id":"https:\/\/www.lojasparaguai.com.br\/blog\/#\/schema\/person\/3d44178785d326d9ec9859942ff987cf"},"headline":"\u201cD\u00f3lar congelado\u201d at\u00e9 o dia 2 de agosto","datePublished":"2015-07-20T13:30:31+00:00","dateModified":"2019-10-09T17:42:01+00:00","mainEntityOfPage":{"@id":"https:\/\/www.lojasparaguai.com.br\/blog\/dolar-congelado-ate-o-dia-2-de-agosto\/"},"wordCount":397,"image":{"@id":"https:\/\/www.lojasparaguai.com.br\/blog\/dolar-congelado-ate-o-dia-2-de-agosto\/#primaryimage"},"thumbnailUrl":"https:\/\/www.lojasparaguai.com.br\/blog\/wp-content\/uploads\/2015\/07\/WEB-BANNER-\u00c1GIL-702x336px1.jpg","keywords":["d\u00f3lar","lojas","Paraguai","Pedro Juan Caballero","promo\u00e7\u00e3o","turismo"],"articleSection":["Compras Paraguai","Paraguai","Produtos","Turismo"],"inLanguage":"pt-BR"},{"@type":"WebPage","@id":"https:\/\/www.lojasparaguai.com.br\/blog\/dolar-congelado-ate-o-dia-2-de-agosto\/","url":"https:\/\/www.lojasparaguai.com.br\/blog\/dolar-congelado-ate-o-dia-2-de-agosto\/","name":"\u201cD\u00f3lar congelado\u201d at\u00e9 o dia 2 de agosto - Blog Lojas no Paraguai","isPartOf":{"@id":"https:\/\/www.lojasparaguai.com.br\/blog\/#website"},"primaryImageOfPage":{"@id":"https:\/\/www.lojasparaguai.com.br\/blog\/dolar-congelado-ate-o-dia-2-de-agosto\/#primaryimage"},"image":{"@id":"https:\/\/www.lojasparaguai.com.br\/blog\/dolar-congelado-ate-o-dia-2-de-agosto\/#primaryimage"},"thumbnailUrl":"https:\/\/www.lojasparaguai.com.br\/blog\/wp-content\/uploads\/2015\/07\/WEB-BANNER-\u00c1GIL-702x336px1.jpg","datePublished":"2015-07-20T13:30:31+00:00","dateModified":"2019-10-09T17:42:01+00:00","author":{"@id":"https:\/\/www.lojasparaguai.com.br\/blog\/#\/schema\/person\/3d44178785d326d9ec9859942ff987cf"},"description":"A vida n\u00e3o est\u00e1 f\u00e1cil para os comerciantes do Paraguai. V\u00e1rios motivos fizeram com que o movimento nas lojas ca\u00edsse pela metade desde o in\u00edcio do ano s\u00f3 em","breadcrumb":{"@id":"https:\/\/www.lojasparaguai.com.br\/blog\/dolar-congelado-ate-o-dia-2-de-agosto\/#breadcrumb"},"inLanguage":"pt-BR","potentialAction":[{"@type":"ReadAction","target":["https:\/\/www.lojasparaguai.com.br\/blog\/dolar-congelado-ate-o-dia-2-de-agosto\/"]}]},{"@type":"ImageObject","inLanguage":"pt-BR","@id":"https:\/\/www.lojasparaguai.com.br\/blog\/dolar-congelado-ate-o-dia-2-de-agosto\/#primaryimage","url":"https:\/\/www.lojasparaguai.com.br\/blog\/wp-content\/uploads\/2015\/07\/WEB-BANNER-\u00c1GIL-702x336px1.jpg","contentUrl":"https:\/\/www.lojasparaguai.com.br\/blog\/wp-content\/uploads\/2015\/07\/WEB-BANNER-\u00c1GIL-702x336px1.jpg","width":702,"height":336},{"@type":"BreadcrumbList","@id":"https:\/\/www.lojasparaguai.com.br\/blog\/dolar-congelado-ate-o-dia-2-de-agosto\/#breadcrumb","itemListElement":[{"@type":"ListItem","position":1,"name":"In\u00edcio","item":"https:\/\/www.lojasparaguai.com.br\/blog\/"},{"@type":"ListItem","position":2,"name":"\u201cD\u00f3lar congelado\u201d at\u00e9 o dia 2 de agosto"}]},{"@type":"WebSite","@id":"https:\/\/www.lojasparaguai.com.br\/blog\/#website","url":"https:\/\/www.lojasparaguai.com.br\/blog\/","name":"Blog Lojas no Paraguai","description":"LojasParaguai.com.br","potentialAction":[{"@type":"SearchAction","target":{"@type":"EntryPoint","urlTemplate":"https:\/\/www.lojasparaguai.com.br\/blog\/?s={search_term_string}"},"query-input":{"@type":"PropertyValueSpecification","valueRequired":true,"valueName":"search_term_string"}}],"inLanguage":"pt-BR"},{"@type":"Person","@id":"https:\/\/www.lojasparaguai.com.br\/blog\/#\/schema\/person\/3d44178785d326d9ec9859942ff987cf","name":"Lojas no Paraguai","image":{"@type":"ImageObject","inLanguage":"pt-BR","@id":"https:\/\/www.lojasparaguai.com.br\/blog\/#\/schema\/person\/image\/","url":"https:\/\/secure.gravatar.com\/avatar\/c81502e614b777e87707755fcd8a6f86e458c25218d30d161eb9de3658893868?s=96&d=mm&r=g","contentUrl":"https:\/\/secure.gravatar.com\/avatar\/c81502e614b777e87707755fcd8a6f86e458c25218d30d161eb9de3658893868?s=96&d=mm&r=g","caption":"Lojas no Paraguai"},"url":"https:\/\/www.lojasparaguai.com.br\/blog\/author\/lnp\/"}]}},"_links":{"self":[{"href":"https:\/\/www.lojasparaguai.com.br\/blog\/wp-json\/wp\/v2\/posts\/708","targetHints":{"allow":["GET"]}}],"collection":[{"href":"https:\/\/www.lojasparaguai.com.br\/blog\/wp-json\/wp\/v2\/posts"}],"about":[{"href":"https:\/\/www.lojasparaguai.com.br\/blog\/wp-json\/wp\/v2\/types\/post"}],"author":[{"embeddable":true,"href":"https:\/\/www.lojasparaguai.com.br\/blog\/wp-json\/wp\/v2\/users\/1"}],"replies":[{"embeddable":true,"href":"https:\/\/www.lojasparaguai.com.br\/blog\/wp-json\/wp\/v2\/comments?post=708"}],"version-history":[{"count":3,"href":"https:\/\/www.lojasparaguai.com.br\/blog\/wp-json\/wp\/v2\/posts\/708\/revisions"}],"predecessor-version":[{"id":1747,"href":"https:\/\/www.lojasparaguai.com.br\/blog\/wp-json\/wp\/v2\/posts\/708\/revisions\/1747"}],"wp:featuredmedia":[{"embeddable":true,"href":"https:\/\/www.lojasparaguai.com.br\/blog\/wp-json\/wp\/v2\/media\/710"}],"wp:attachment":[{"href":"https:\/\/www.lojasparaguai.com.br\/blog\/wp-json\/wp\/v2\/media?parent=708"}],"wp:term":[{"taxonomy":"category","embeddable":true,"href":"https:\/\/www.lojasparaguai.com.br\/blog\/wp-json\/wp\/v2\/categories?post=708"},{"taxonomy":"post_tag","embeddable":true,"href":"https:\/\/www.lojasparaguai.com.br\/blog\/wp-json\/wp\/v2\/tags?post=708"}],"curies":[{"name":"wp","href":"https:\/\/api.w.org\/{rel}","templated":true}]}}